{"id":8704,"date":"2023-03-10T15:25:35","date_gmt":"2023-03-10T13:25:35","guid":{"rendered":"https:\/\/abacus-consulting.net\/data-is-on-the-air\/"},"modified":"2023-03-14T19:11:40","modified_gmt":"2023-03-14T17:11:40","slug":"data-is-on-the-air","status":"publish","type":"post","link":"https:\/\/abacus-consulting.net\/en\/data-is-on-the-air\/","title":{"rendered":"Data is on the Air"},"content":{"rendered":"<div id='av_section_1'  class='avia-section av-h8n2rs-5d1e5d7333d59c4079558b223d222f4d main_color avia-section-default avia-no-border-styling  avia-builder-el-0  el_before_av_section  avia-builder-el-first  avia-bg-style-scroll container_wrap fullsize'  ><div class='container av-section-cont-open' ><main  role=\"main\" itemprop=\"mainContentOfPage\"  class='template-page content  av-content-full alpha units'><div class='post-entry post-entry-type-page post-entry-8704'><div class='entry-content-wrapper clearfix'>\n<div  class='flex_column av-gbznyg-d13d018b8fdddb39eb29af4f6372ca8c av_three_fourth  avia-builder-el-1  el_before_av_one_fourth  avia-builder-el-first  first flex_column_div  '     ><p>\n<style type=\"text\/css\" data-created_by=\"avia_inline_auto\" id=\"style-css-av-lf2ib7uh-b312b3b1b0a5f69683293989abb92b51\">\n.avia-image-container.av-lf2ib7uh-b312b3b1b0a5f69683293989abb92b51 img.avia_image{\nbox-shadow:none;\n}\n.avia-image-container.av-lf2ib7uh-b312b3b1b0a5f69683293989abb92b51 .av-image-caption-overlay-center{\ncolor:#ffffff;\n}\n<\/style>\n<div  class='avia-image-container av-lf2ib7uh-b312b3b1b0a5f69683293989abb92b51 av-styling- avia_animated_image av-animated-when-visible-95 bottom-to-top avia-align-center  avia-builder-el-2  el_before_av_textblock  avia-builder-el-first '   itemprop=\"image\" itemscope=\"itemscope\" itemtype=\"https:\/\/schema.org\/ImageObject\" ><div class=\"avia-image-container-inner\"><div class=\"avia-image-overlay-wrap\"><img decoding=\"async\" fetchpriority=\"high\" class='wp-image-8674 avia-img-lazy-loading-not-8674 avia_image ' src=\"https:\/\/abacus-consulting.net\/wp-content\/uploads\/2023\/03\/1677235094754.jpg\" alt='Data is on the air: APPcelerate, Capital Radio' title='1677235094754'  height=\"288\" width=\"800\"  itemprop=\"thumbnailUrl\" srcset=\"https:\/\/abacus-consulting.net\/wp-content\/uploads\/2023\/03\/1677235094754.jpg 800w, https:\/\/abacus-consulting.net\/wp-content\/uploads\/2023\/03\/1677235094754-300x108.jpg 300w, https:\/\/abacus-consulting.net\/wp-content\/uploads\/2023\/03\/1677235094754-768x276.jpg 768w, https:\/\/abacus-consulting.net\/wp-content\/uploads\/2023\/03\/1677235094754-705x254.jpg 705w\" sizes=\"(max-width: 800px) 100vw, 800px\" \/><\/div><\/div><\/div><br \/>\n<section  class='av_textblock_section av-dsqk2g-90cae9f37cca4fef8f5e9595ea81aa83 '   itemscope=\"itemscope\" itemtype=\"https:\/\/schema.org\/BlogPosting\" itemprop=\"blogPost\" ><div class='avia_textblock'  itemprop=\"text\" ><p class=\"photo-caption\">\u00c1lvaro de Gracia (CEO and founder of APPcelerate and Abacus Consulting), Macarena Est\u00e9vez and Laureano Turienzo (board members).<\/p>\n<\/div><\/section><br \/>\n<section  class='av_textblock_section av-lf2i61ar-2a32b25ff42612c15b900a372e7e8554 '   itemscope=\"itemscope\" itemtype=\"https:\/\/schema.org\/BlogPosting\" itemprop=\"blogPost\" ><div class='avia_textblock'  itemprop=\"text\" ><h1 class=\"elementor-heading-title elementor-size-default\">Los datos est\u00e1n en el aire, Capital Radio: APPcelerate<\/h1>\n<\/div><\/section><br \/>\n\n<style type=\"text\/css\" data-created_by=\"avia_inline_auto\" id=\"style-css-av-lf2i7aeg-c89af336ebf6bec0f2329b34dc747060\">\n#top .av_textblock_section.av-lf2i7aeg-c89af336ebf6bec0f2329b34dc747060 .avia_textblock{\nfont-size:22px;\n}\n<\/style>\n<section  class='av_textblock_section av-lf2i7aeg-c89af336ebf6bec0f2329b34dc747060 '   itemscope=\"itemscope\" itemtype=\"https:\/\/schema.org\/BlogPosting\" itemprop=\"blogPost\" ><div class='avia_textblock'  itemprop=\"text\" ><p>\u00c1lvaro de Gracia, CEO of Abacus Consulting and CEO of Appcelerate, is the protagonist of the program <a href=\"https:\/\/www.capitalradio.es\/programas\/data-is-in-the-air\">&#8216;Data is on the air&#8217;<\/a> in which Macarena Est\u00e9vez, independent consultant of C\u00edrculo de Ingenio Anal\u00edtico and partner emeritus of Deloitte, also takes part. As always, guests are invited by Alejandro Llorente, partner and co-founder of PiperLab; and Enrique Polo, vice president of Salesforce Iberia.<\/p>\n<p>The program was broadcast on February 27, 2023 on Capital Radio. Program 243.<\/p>\n<\/div><\/section><br \/>\n<div id=\"av_player-1\" class=\"av-player av-player-container av-lf2q3ftl-9c80f4a6ace61d682e18536a83259335 avia-playerstyle-classic av_player-1  avia-builder-el-6  el_after_av_textblock  el_before_av_textblock  first avia-playlist-hide-cover\"><div class=\"av-player-player-container\"><div class=\"wp-playlist wp-audio-playlist wp-playlist-light\">\n\t\t\t<div class=\"wp-playlist-current-item\"><\/div>\n\t\t<audio controls=\"controls\" preload=\"none\" width=\"1478\"\n\t\t\t><\/audio>\n\t<div class=\"wp-playlist-next\"><\/div>\n\t<div class=\"wp-playlist-prev\"><\/div>\n\t<noscript>\n\t<ol>\n\t\t<li><a href='https:\/\/abacus-consulting.net\/wp-content\/uploads\/2023\/03\/20230227_CAPITAL_BIGDATA.mp3'>20230227_CAPITAL_BIGDATA<\/a><\/li>\t<\/ol>\n\t<\/noscript>\n\t<script type=\"application\/json\" class=\"wp-playlist-script\">{\"type\":\"audio\",\"tracklist\":true,\"tracknumbers\":true,\"images\":true,\"artists\":true,\"tracks\":[{\"src\":\"https:\/\/abacus-consulting.net\/wp-content\/uploads\/2023\/03\/20230227_CAPITAL_BIGDATA.mp3\",\"type\":\"audio\/mpeg\",\"title\":\"20230227_CAPITAL_BIGDATA\",\"caption\":\"Data is in the Air es el primer programa de radio en espa\\u00f1ol dedicado a la aplicaci\\u00f3n del Big Data y la Inteligencia Artificial en la empresa y en la vida cotidiana. \",\"description\":\"\\u00ab20230227_CAPITAL_BIGDATA\\u00bb.\",\"meta\":{\"artist\":\"Capital Radio\",\"album\":\"Data is on the air\",\"length_formatted\":\"24:55\"},\"image\":{\"src\":\"https:\/\/abacus-consulting.net\/wp-includes\/images\/media\/audio.svg\",\"width\":48,\"height\":64},\"thumb\":{\"src\":\"https:\/\/abacus-consulting.net\/wp-includes\/images\/media\/audio.svg\",\"width\":48,\"height\":64}}]}<\/script>\n<\/div>\n\t<\/div><\/div><br \/>\n<section  class='av_textblock_section av-lf2q4xki-12947001fd8db7dd0b95e644989445a6 '   itemscope=\"itemscope\" itemtype=\"https:\/\/schema.org\/BlogPosting\" itemprop=\"blogPost\" ><div class='avia_textblock'  itemprop=\"text\" ><p class=\"h2\"><strong>Data is in the air<\/strong><\/p>\n<p>With Luis Vicente Mu\u00f1oz<\/p>\n<p>Monday from 10:05 a.m. to 10:30 a.m.<br \/>\nOn-demand listening<\/p>\n<p class=\"p\">Data is in the Air is the first radio program in Spanish dedicated to the application of Big Data and Artificial Intelligence in business and everyday life. The program is supported technically and analytically by Salesforce and PiperLab Each week, technology and data managers from all types of industries explain first-hand the digital transformation processes in their companies. It is a meeting for the transfer of knowledge and high-level experiences. Every Monday, with Enrique Polo, VP of Salesforce and Esther Morales, partner at Piperlab, Luis Vicente Mu\u00f1oz opens a conversation with the invited executives. The podcast collection is a lively, sonorous account of how data technology is changing the lives of businesses.<\/p>\n<\/div><\/section><br \/>\n<div  class='avia-button-wrap av-lf2ksm6u-495d8e2107c22fee6938f4543c8f8c1a-wrap avia-button-left  avia-builder-el-8  el_after_av_textblock  avia-builder-el-last '><a href='https:\/\/www.capitalradio.es\/audio\/20230227_CAPITAL_BIGDATA\/111785168'  class='avia-button av-lf2ksm6u-495d8e2107c22fee6938f4543c8f8c1a av-link-btn avia-icon_select-yes-left-icon avia-size-large avia-position-left avia-color-theme-color'  target=\"_blank\"  rel=\"noopener noreferrer\"  aria-label=\"Listen to\"><span class='avia_button_icon avia_button_icon_left avia-iconfont avia-font-entypo-fontello' data-av_icon='\ue801' data-av_iconfont='entypo-fontello' ><\/span><span class='avia_iconbox_title' >Listen to<\/span><\/a><\/div><\/p><\/div><div  class='flex_column av-ck0otk-d0b9457d7675ffce6d9523bd65fd5abc av_one_fourth  avia-builder-el-9  el_after_av_three_fourth  avia-builder-el-last  flex_column_div  '     ><section  class='av_textblock_section av-lf2i6wwa-467e8fad8b227c228d032a90b0214697 '   itemscope=\"itemscope\" itemtype=\"https:\/\/schema.org\/BlogPosting\" itemprop=\"blogPost\" ><div class='avia_textblock'  itemprop=\"text\" ><\/div><\/section><\/div><\/div><\/div><\/main><!-- close content main element --><\/div><\/div><div id='av_section_2'  class='avia-section av-lf2ihneg-135f0377b0eb748949a424470d697a2d alternate_color avia-section-default avia-no-border-styling  avia-builder-el-11  el_after_av_section  el_before_av_section  avia-bg-style-scroll container_wrap fullsize'  ><div class='container av-section-cont-open' ><div class='template-page content  av-content-full alpha units'><div class='post-entry post-entry-type-page post-entry-8704'><div class='entry-content-wrapper clearfix'><\/p>\n<\/div><\/div><\/div><!-- close content main div --><\/div><\/div><div id='av_section_3'  class='avia-section av-2y3uco-fac607a411695ba4b6924372f06d2e89 main_color avia-section-default avia-no-border-styling  avia-builder-el-12  el_after_av_section  avia-builder-el-last  avia-bg-style-scroll container_wrap fullsize'  ><div class='container av-section-cont-open' ><div class='template-page content  av-content-full alpha units'><div class='post-entry post-entry-type-page post-entry-8704'><div class='entry-content-wrapper clearfix'>\n","protected":false},"excerpt":{"rendered":"<p>\u00c1lvaro de Gracia, CEO of Abacus Consulting and CEO of Appcelerate, is the protagonist of the program &#8216;Data is on the air&#8217;.<\/p>\n","protected":false},"author":1,"featured_media":8678,"comment_status":"open","ping_status":"open","sticky":false,"template":"","format":"standard","meta":{"footnotes":""},"categories":[55],"tags":[335,61,370,56,373,369,371,374,372,375],"class_list":["post-8704","post","type-post","status-publish","format-standard","has-post-thumbnail","hentry","category-news-en","tag-2023-en","tag-advertising","tag-alvaro-de-gracia-en-2","tag-appcelerate-en","tag-audiences","tag-geoaudiences","tag-interview","tag-macarena-estevez-en","tag-newspaper","tag-radio-en"],"yoast_head":"<!-- This site is optimized with the Yoast SEO plugin v26.5 - https:\/\/yoast.com\/wordpress\/plugins\/seo\/ -->\n<title>Data is on the Air - Abacus Consulting<\/title>\n<meta name=\"description\" content=\"\u00c1lvaro de Gracia, CEO of Abacus Consulting and CEO of Appcelerate, is the protagonist of the program &#039;Data is on the air&#039;.\" \/>\n<meta name=\"robots\" content=\"index, follow, max-snippet:-1, max-image-preview:large, max-video-preview:-1\" \/>\n<link rel=\"canonical\" href=\"https:\/\/abacus-consulting.net\/en\/data-is-on-the-air\/\" \/>\n<meta property=\"og:locale\" content=\"en_US\" \/>\n<meta property=\"og:type\" content=\"article\" \/>\n<meta property=\"og:title\" content=\"Data is on the Air - Abacus Consulting\" \/>\n<meta property=\"og:description\" content=\"\u00c1lvaro de Gracia, CEO of Abacus Consulting and CEO of Appcelerate, is the protagonist of the program &#039;Data is on the air&#039;.\" \/>\n<meta property=\"og:url\" content=\"https:\/\/abacus-consulting.net\/en\/data-is-on-the-air\/\" \/>\n<meta property=\"og:site_name\" content=\"Abacus Consulting\" \/>\n<meta property=\"article:published_time\" content=\"2023-03-10T13:25:35+00:00\" \/>\n<meta property=\"article:modified_time\" content=\"2023-03-14T17:11:40+00:00\" \/>\n<meta property=\"og:image\" content=\"https:\/\/abacus-consulting.net\/wp-content\/uploads\/2023\/03\/darta-is-on-the-air.png\" \/>\n\t<meta property=\"og:image:width\" content=\"962\" \/>\n\t<meta property=\"og:image:height\" content=\"540\" \/>\n\t<meta property=\"og:image:type\" content=\"image\/png\" \/>\n<meta name=\"author\" content=\"Abacus Consulting News\" \/>\n<meta name=\"twitter:card\" content=\"summary_large_image\" \/>\n<meta name=\"twitter:creator\" content=\"@abacus_geo\" \/>\n<meta name=\"twitter:site\" content=\"@abacus_geo\" \/>\n<meta name=\"twitter:label1\" content=\"Written by\" \/>\n\t<meta name=\"twitter:data1\" content=\"Abacus Consulting News\" \/>\n\t<meta name=\"twitter:label2\" content=\"Est. reading time\" \/>\n\t<meta name=\"twitter:data2\" content=\"15 minutes\" \/>\n<script type=\"application\/ld+json\" class=\"yoast-schema-graph\">{\"@context\":\"https:\/\/schema.org\",\"@graph\":[{\"@type\":\"Article\",\"@id\":\"https:\/\/abacus-consulting.net\/en\/data-is-on-the-air\/#article\",\"isPartOf\":{\"@id\":\"https:\/\/abacus-consulting.net\/en\/data-is-on-the-air\/\"},\"author\":{\"name\":\"Abacus Consulting News\",\"@id\":\"https:\/\/abacus-consulting.net\/en\/#\/schema\/person\/50975d5015109a3bef76e0797e610330\"},\"headline\":\"Data is on the Air\",\"datePublished\":\"2023-03-10T13:25:35+00:00\",\"dateModified\":\"2023-03-14T17:11:40+00:00\",\"mainEntityOfPage\":{\"@id\":\"https:\/\/abacus-consulting.net\/en\/data-is-on-the-air\/\"},\"wordCount\":2957,\"commentCount\":0,\"publisher\":{\"@id\":\"https:\/\/abacus-consulting.net\/en\/#organization\"},\"image\":{\"@id\":\"https:\/\/abacus-consulting.net\/en\/data-is-on-the-air\/#primaryimage\"},\"thumbnailUrl\":\"https:\/\/abacus-consulting.net\/wp-content\/uploads\/2023\/03\/darta-is-on-the-air.png\",\"keywords\":[\"2023\",\"advertising\",\"\u00c1lvaro de Gracia\",\"APPcelerate\",\"audiences\",\"geoaudiences\",\"interview\",\"Macarena Estevez\",\"newspaper\",\"radio\"],\"articleSection\":[\"news\"],\"inLanguage\":\"en-US\",\"potentialAction\":[{\"@type\":\"CommentAction\",\"name\":\"Comment\",\"target\":[\"https:\/\/abacus-consulting.net\/en\/data-is-on-the-air\/#respond\"]}]},{\"@type\":\"WebPage\",\"@id\":\"https:\/\/abacus-consulting.net\/en\/data-is-on-the-air\/\",\"url\":\"https:\/\/abacus-consulting.net\/en\/data-is-on-the-air\/\",\"name\":\"Data is on the Air - Abacus Consulting\",\"isPartOf\":{\"@id\":\"https:\/\/abacus-consulting.net\/en\/#website\"},\"primaryImageOfPage\":{\"@id\":\"https:\/\/abacus-consulting.net\/en\/data-is-on-the-air\/#primaryimage\"},\"image\":{\"@id\":\"https:\/\/abacus-consulting.net\/en\/data-is-on-the-air\/#primaryimage\"},\"thumbnailUrl\":\"https:\/\/abacus-consulting.net\/wp-content\/uploads\/2023\/03\/darta-is-on-the-air.png\",\"datePublished\":\"2023-03-10T13:25:35+00:00\",\"dateModified\":\"2023-03-14T17:11:40+00:00\",\"description\":\"\u00c1lvaro de Gracia, CEO of Abacus Consulting and CEO of Appcelerate, is the protagonist of the program 'Data is on the air'.\",\"breadcrumb\":{\"@id\":\"https:\/\/abacus-consulting.net\/en\/data-is-on-the-air\/#breadcrumb\"},\"inLanguage\":\"en-US\",\"potentialAction\":[{\"@type\":\"ReadAction\",\"target\":[\"https:\/\/abacus-consulting.net\/en\/data-is-on-the-air\/\"]}]},{\"@type\":\"ImageObject\",\"inLanguage\":\"en-US\",\"@id\":\"https:\/\/abacus-consulting.net\/en\/data-is-on-the-air\/#primaryimage\",\"url\":\"https:\/\/abacus-consulting.net\/wp-content\/uploads\/2023\/03\/darta-is-on-the-air.png\",\"contentUrl\":\"https:\/\/abacus-consulting.net\/wp-content\/uploads\/2023\/03\/darta-is-on-the-air.png\",\"width\":962,\"height\":540,\"caption\":\"Data is on the air, Capital Radio\"},{\"@type\":\"BreadcrumbList\",\"@id\":\"https:\/\/abacus-consulting.net\/en\/data-is-on-the-air\/#breadcrumb\",\"itemListElement\":[{\"@type\":\"ListItem\",\"position\":1,\"name\":\"Portada\",\"item\":\"https:\/\/abacus-consulting.net\/en\/\"},{\"@type\":\"ListItem\",\"position\":2,\"name\":\"Data is on the Air\"}]},{\"@type\":\"WebSite\",\"@id\":\"https:\/\/abacus-consulting.net\/en\/#website\",\"url\":\"https:\/\/abacus-consulting.net\/en\/\",\"name\":\"Abacus Consulting\",\"description\":\"We activate knowledge\",\"publisher\":{\"@id\":\"https:\/\/abacus-consulting.net\/en\/#organization\"},\"potentialAction\":[{\"@type\":\"SearchAction\",\"target\":{\"@type\":\"EntryPoint\",\"urlTemplate\":\"https:\/\/abacus-consulting.net\/en\/?s={search_term_string}\"},\"query-input\":{\"@type\":\"PropertyValueSpecification\",\"valueRequired\":true,\"valueName\":\"search_term_string\"}}],\"inLanguage\":\"en-US\"},{\"@type\":\"Organization\",\"@id\":\"https:\/\/abacus-consulting.net\/en\/#organization\",\"name\":\"Abacus Consulting\",\"url\":\"https:\/\/abacus-consulting.net\/en\/\",\"logo\":{\"@type\":\"ImageObject\",\"inLanguage\":\"en-US\",\"@id\":\"https:\/\/abacus-consulting.net\/en\/#\/schema\/logo\/image\/\",\"url\":\"https:\/\/abacus-consulting.net\/wp-content\/uploads\/2022\/08\/20220810-abacus-avatar..png\",\"contentUrl\":\"https:\/\/abacus-consulting.net\/wp-content\/uploads\/2022\/08\/20220810-abacus-avatar..png\",\"width\":260,\"height\":260,\"caption\":\"Abacus Consulting\"},\"image\":{\"@id\":\"https:\/\/abacus-consulting.net\/en\/#\/schema\/logo\/image\/\"},\"sameAs\":[\"https:\/\/x.com\/abacus_geo\",\"https:\/\/es.linkedin.com\/company\/abacus-consulting-tech\"]},{\"@type\":\"Person\",\"@id\":\"https:\/\/abacus-consulting.net\/en\/#\/schema\/person\/50975d5015109a3bef76e0797e610330\",\"name\":\"Abacus Consulting News\",\"image\":{\"@type\":\"ImageObject\",\"inLanguage\":\"en-US\",\"@id\":\"https:\/\/abacus-consulting.net\/en\/#\/schema\/person\/image\/\",\"url\":\"https:\/\/secure.gravatar.com\/avatar\/bba017ac0cb937b39cca90b11fcb7403459cbe3b33927c8a811d1cc8c3925cc4?s=96&d=mm&r=g\",\"contentUrl\":\"https:\/\/secure.gravatar.com\/avatar\/bba017ac0cb937b39cca90b11fcb7403459cbe3b33927c8a811d1cc8c3925cc4?s=96&d=mm&r=g\",\"caption\":\"Abacus Consulting News\"},\"sameAs\":[\"https:\/\/abacus-consulting.net\"]}]}<\/script>\n<!-- \/ Yoast SEO plugin. -->","yoast_head_json":{"title":"Data is on the Air - Abacus Consulting","description":"\u00c1lvaro de Gracia, CEO of Abacus Consulting and CEO of Appcelerate, is the protagonist of the program 'Data is on the air'.","robots":{"index":"index","follow":"follow","max-snippet":"max-snippet:-1","max-image-preview":"max-image-preview:large","max-video-preview":"max-video-preview:-1"},"canonical":"https:\/\/abacus-consulting.net\/en\/data-is-on-the-air\/","og_locale":"en_US","og_type":"article","og_title":"Data is on the Air - Abacus Consulting","og_description":"\u00c1lvaro de Gracia, CEO of Abacus Consulting and CEO of Appcelerate, is the protagonist of the program 'Data is on the air'.","og_url":"https:\/\/abacus-consulting.net\/en\/data-is-on-the-air\/","og_site_name":"Abacus Consulting","article_published_time":"2023-03-10T13:25:35+00:00","article_modified_time":"2023-03-14T17:11:40+00:00","og_image":[{"width":962,"height":540,"url":"https:\/\/abacus-consulting.net\/wp-content\/uploads\/2023\/03\/darta-is-on-the-air.png","type":"image\/png"}],"author":"Abacus Consulting News","twitter_card":"summary_large_image","twitter_creator":"@abacus_geo","twitter_site":"@abacus_geo","twitter_misc":{"Written by":"Abacus Consulting News","Est. reading time":"15 minutes"},"schema":{"@context":"https:\/\/schema.org","@graph":[{"@type":"Article","@id":"https:\/\/abacus-consulting.net\/en\/data-is-on-the-air\/#article","isPartOf":{"@id":"https:\/\/abacus-consulting.net\/en\/data-is-on-the-air\/"},"author":{"name":"Abacus Consulting News","@id":"https:\/\/abacus-consulting.net\/en\/#\/schema\/person\/50975d5015109a3bef76e0797e610330"},"headline":"Data is on the Air","datePublished":"2023-03-10T13:25:35+00:00","dateModified":"2023-03-14T17:11:40+00:00","mainEntityOfPage":{"@id":"https:\/\/abacus-consulting.net\/en\/data-is-on-the-air\/"},"wordCount":2957,"commentCount":0,"publisher":{"@id":"https:\/\/abacus-consulting.net\/en\/#organization"},"image":{"@id":"https:\/\/abacus-consulting.net\/en\/data-is-on-the-air\/#primaryimage"},"thumbnailUrl":"https:\/\/abacus-consulting.net\/wp-content\/uploads\/2023\/03\/darta-is-on-the-air.png","keywords":["2023","advertising","\u00c1lvaro de Gracia","APPcelerate","audiences","geoaudiences","interview","Macarena Estevez","newspaper","radio"],"articleSection":["news"],"inLanguage":"en-US","potentialAction":[{"@type":"CommentAction","name":"Comment","target":["https:\/\/abacus-consulting.net\/en\/data-is-on-the-air\/#respond"]}]},{"@type":"WebPage","@id":"https:\/\/abacus-consulting.net\/en\/data-is-on-the-air\/","url":"https:\/\/abacus-consulting.net\/en\/data-is-on-the-air\/","name":"Data is on the Air - Abacus Consulting","isPartOf":{"@id":"https:\/\/abacus-consulting.net\/en\/#website"},"primaryImageOfPage":{"@id":"https:\/\/abacus-consulting.net\/en\/data-is-on-the-air\/#primaryimage"},"image":{"@id":"https:\/\/abacus-consulting.net\/en\/data-is-on-the-air\/#primaryimage"},"thumbnailUrl":"https:\/\/abacus-consulting.net\/wp-content\/uploads\/2023\/03\/darta-is-on-the-air.png","datePublished":"2023-03-10T13:25:35+00:00","dateModified":"2023-03-14T17:11:40+00:00","description":"\u00c1lvaro de Gracia, CEO of Abacus Consulting and CEO of Appcelerate, is the protagonist of the program 'Data is on the air'.","breadcrumb":{"@id":"https:\/\/abacus-consulting.net\/en\/data-is-on-the-air\/#breadcrumb"},"inLanguage":"en-US","potentialAction":[{"@type":"ReadAction","target":["https:\/\/abacus-consulting.net\/en\/data-is-on-the-air\/"]}]},{"@type":"ImageObject","inLanguage":"en-US","@id":"https:\/\/abacus-consulting.net\/en\/data-is-on-the-air\/#primaryimage","url":"https:\/\/abacus-consulting.net\/wp-content\/uploads\/2023\/03\/darta-is-on-the-air.png","contentUrl":"https:\/\/abacus-consulting.net\/wp-content\/uploads\/2023\/03\/darta-is-on-the-air.png","width":962,"height":540,"caption":"Data is on the air, Capital Radio"},{"@type":"BreadcrumbList","@id":"https:\/\/abacus-consulting.net\/en\/data-is-on-the-air\/#breadcrumb","itemListElement":[{"@type":"ListItem","position":1,"name":"Portada","item":"https:\/\/abacus-consulting.net\/en\/"},{"@type":"ListItem","position":2,"name":"Data is on the Air"}]},{"@type":"WebSite","@id":"https:\/\/abacus-consulting.net\/en\/#website","url":"https:\/\/abacus-consulting.net\/en\/","name":"Abacus Consulting","description":"We activate knowledge","publisher":{"@id":"https:\/\/abacus-consulting.net\/en\/#organization"},"potentialAction":[{"@type":"SearchAction","target":{"@type":"EntryPoint","urlTemplate":"https:\/\/abacus-consulting.net\/en\/?s={search_term_string}"},"query-input":{"@type":"PropertyValueSpecification","valueRequired":true,"valueName":"search_term_string"}}],"inLanguage":"en-US"},{"@type":"Organization","@id":"https:\/\/abacus-consulting.net\/en\/#organization","name":"Abacus Consulting","url":"https:\/\/abacus-consulting.net\/en\/","logo":{"@type":"ImageObject","inLanguage":"en-US","@id":"https:\/\/abacus-consulting.net\/en\/#\/schema\/logo\/image\/","url":"https:\/\/abacus-consulting.net\/wp-content\/uploads\/2022\/08\/20220810-abacus-avatar..png","contentUrl":"https:\/\/abacus-consulting.net\/wp-content\/uploads\/2022\/08\/20220810-abacus-avatar..png","width":260,"height":260,"caption":"Abacus Consulting"},"image":{"@id":"https:\/\/abacus-consulting.net\/en\/#\/schema\/logo\/image\/"},"sameAs":["https:\/\/x.com\/abacus_geo","https:\/\/es.linkedin.com\/company\/abacus-consulting-tech"]},{"@type":"Person","@id":"https:\/\/abacus-consulting.net\/en\/#\/schema\/person\/50975d5015109a3bef76e0797e610330","name":"Abacus Consulting News","image":{"@type":"ImageObject","inLanguage":"en-US","@id":"https:\/\/abacus-consulting.net\/en\/#\/schema\/person\/image\/","url":"https:\/\/secure.gravatar.com\/avatar\/bba017ac0cb937b39cca90b11fcb7403459cbe3b33927c8a811d1cc8c3925cc4?s=96&d=mm&r=g","contentUrl":"https:\/\/secure.gravatar.com\/avatar\/bba017ac0cb937b39cca90b11fcb7403459cbe3b33927c8a811d1cc8c3925cc4?s=96&d=mm&r=g","caption":"Abacus Consulting News"},"sameAs":["https:\/\/abacus-consulting.net"]}]}},"_links":{"self":[{"href":"https:\/\/abacus-consulting.net\/en\/wp-json\/wp\/v2\/posts\/8704","targetHints":{"allow":["GET"]}}],"collection":[{"href":"https:\/\/abacus-consulting.net\/en\/wp-json\/wp\/v2\/posts"}],"about":[{"href":"https:\/\/abacus-consulting.net\/en\/wp-json\/wp\/v2\/types\/post"}],"author":[{"embeddable":true,"href":"https:\/\/abacus-consulting.net\/en\/wp-json\/wp\/v2\/users\/1"}],"replies":[{"embeddable":true,"href":"https:\/\/abacus-consulting.net\/en\/wp-json\/wp\/v2\/comments?post=8704"}],"version-history":[{"count":4,"href":"https:\/\/abacus-consulting.net\/en\/wp-json\/wp\/v2\/posts\/8704\/revisions"}],"predecessor-version":[{"id":8752,"href":"https:\/\/abacus-consulting.net\/en\/wp-json\/wp\/v2\/posts\/8704\/revisions\/8752"}],"wp:featuredmedia":[{"embeddable":true,"href":"https:\/\/abacus-consulting.net\/en\/wp-json\/wp\/v2\/media\/8678"}],"wp:attachment":[{"href":"https:\/\/abacus-consulting.net\/en\/wp-json\/wp\/v2\/media?parent=8704"}],"wp:term":[{"taxonomy":"category","embeddable":true,"href":"https:\/\/abacus-consulting.net\/en\/wp-json\/wp\/v2\/categories?post=8704"},{"taxonomy":"post_tag","embeddable":true,"href":"https:\/\/abacus-consulting.net\/en\/wp-json\/wp\/v2\/tags?post=8704"}],"curies":[{"name":"wp","href":"https:\/\/api.w.org\/{rel}","templated":true}]}}